{"id":9229,"date":"2026-04-29T23:59:57","date_gmt":"2026-04-29T23:59:57","guid":{"rendered":"https:\/\/krankenhauspfarramt.de\/index.php\/2026\/04\/29\/23-04-2026-landesbischof-ernst-wilhelm-gohl-laedt-zum-groessten-gospelfestival-nach-stuttgart-ein\/"},"modified":"2026-04-29T23:59:57","modified_gmt":"2026-04-29T23:59:57","slug":"23-04-2026-landesbischof-ernst-wilhelm-gohl-laedt-zum-groessten-gospelfestival-nach-stuttgart-ein","status":"publish","type":"post","link":"https:\/\/krankenhauspfarramt.de\/index.php\/2026\/04\/29\/23-04-2026-landesbischof-ernst-wilhelm-gohl-laedt-zum-groessten-gospelfestival-nach-stuttgart-ein\/","title":{"rendered":"23.04.2026 Landesbischof Ernst-Wilhelm Gohl l\u00e4dt zum gr\u00f6\u00dften Gospelfestival nach Stuttgart ein"},"content":{"rendered":"<p><\/p>\n<div>\n<h2>Gospelkirchentag wird vom 1. bis 3. Mai mit Allzeitrekord an S\u00e4ngerinnen und S\u00e4ngern gefeiert<\/h2>\n<p>Stuttgart. Aus ganz Europa wird vom 1. bis 3. Mai 2026 unter dem Motto \u201eColour the World\u201c in Stuttgart drei Tage lang der 12. Gospelkirchentag \/ das European Gospelfestival gefeiert. Rund 5.000 S\u00e4ngerinnen und S\u00e4nger haben sich angemeldet \u2013 ein Rekord f\u00fcr das alle zwei Jahre stattfindende Festival.<\/p>\n<p>Landesbischof Ernst-Wilhelm Gohl sagt: &#8222;Ich lade Sie herzlich ein, beim Gospelkirchentag mitzusingen und mitzufeiern. Erleben Sie mit, wie Musik Menschen \u00fcber Generationen und Grenzen hinweg zusammenbringt. Gemeinsam mit vielen Ch\u00f6ren und Musikerinnen und Musikern wird hier die lange Tradition des Gospels lebendig und erfahrbar. Ich freue mich auf inspirierende Begegnungen, bewegende Musik und ein starkes gemeinsames Zeichen des Glaubens und der Vielfalt.\u201c Weiter erinnert Gohl an die Urspr\u00fcnge der Gospelmusik. In der Erfahrung von gewaltsamer Verschleppung und Zwangsarbeit entstehen religi\u00f6se Ges\u00e4nge, aus denen sich sp\u00e4ter die Gospelmusik entwickelt. \u201eGospelmusik erz\u00e4hlt von Menschen, die selbst unter unmenschlichen Bedingungen ihre Hoffnung nicht aufgegeben haben. Als Musik der Hoffnung ist sie gerade in diesen Zeiten besonders gefragt.&#8220;<\/p>\n<p>Das komplette Festivalprogramm ist online einsehbar (www.gospel.de). Das Festival startet am Freitag, 1. Mai, um 19:00 Uhr mit einem Konzert in der Porsche-Arena. Mit dabei sind die Gospel All Stars &amp; Friends, der LAKI-PopChor und Gospel im Osten aus Stuttgart. Ein H\u00f6hepunkt sind die beiden Mass Choir-Proben mit \u00fcber 5.000 Stimmen in der Porsche-Arena. In der Stuttgarter Innenstadt erwartet Besucherinnen und Besucher ein vielf\u00e4ltiges kostenfreies Programm. Am Samstag gestalten Ch\u00f6re aus ganz Europa Konzerte auf der Musikmeile, an \u00f6ffentlichen Pl\u00e4tzen und bei der Nacht der Kirchen. Gospel, Pop, Soul und moderne Chormusik bringen die Stadt zum Klingen. Am Sonntagmittag, 3. Mai, bildet ein \u00f6ffentlicher Gottesdienst in der Porsche-Arena den feierlichen Abschluss des Wochenendes. Landesbischof Gohl wird die Predigt halten.<\/p>\n<p>Auch \u00fcber 40 verschiedene Workshops werden angeboten. Neben der Dauerteilnahme sind Einzeltickets f\u00fcr das Konzert am Freitag sowie ein Tagesticket f\u00fcr den Samstag (Mass Choir und Workshops) erh\u00e4ltlich \u2013 ideal f\u00fcr alle, die ausgew\u00e4hlte Programmpunkte erleben m\u00f6chten. Organisiert wird das Wochenende von der Stiftung Creative Kirche und der Evangelischen Landeskirche in W\u00fcrttemberg. Charity Partner ist erneut <i><strong>Brot f\u00fcr die Welt<\/strong><\/i>.<\/p>\n<p><strong>Zahlen und Fakten zum Gospelkirchentag 2026<\/strong><\/p>\n<ul>\n<li>Teilnehmerinnen und Teilnehmer mit Anmeldung: \u00fcber 5.000<\/li>\n<li>Erwartete Besucherinnen und Besucher: 50.000<\/li>\n<li>Mitarbeitende: 200<\/li>\n<li>Veranstaltungen: 90<\/li>\n<li>B\u00fchnenprogramm: 130 Stunden<\/li>\n<li>Workshops: 42<\/li>\n<li>Standorte insgesamt: 36<\/li>\n<li>Nacht der Ch\u00f6re: 20 Standorte, 75 Ch\u00f6re<\/li>\n<li>\u00fcber 200 Ch\u00f6re aus 23 Nationen: Belarus, Belgien, Bulgarien, D\u00e4nemark, Deutschland, Finnland, Frankreich, Gro\u00dfbritannien, Indonesien, Kongo, Niederlande, Nigeria, Norwegen, Polen, \u00d6sterreich, Ruanda, Russland, Schweden, Schweiz, Spanien, S\u00fcdafrika, Tschechien und den USA.<\/li>\n<li>Europas gr\u00f6\u00dftes Gospelfestival!<\/li>\n<\/ul>\n<p>Das Programm und alle Informationen finden Sie hier.<\/p>\n<p>Dan Peter<br \/>Sprecher der Landeskirche<\/p>\n<p><strong>HINWEIS:<\/strong>\u00a0Bilder von Landesbischof Ernst-Wilhelm Gohl finden Sie im Pressebereich unserer Website.<\/p>\n<\/p><\/div>\n","protected":false},"excerpt":{"rendered":"<p>Gospelkirchentag wird vom 1. bis 3. Mai mit Allzeitrekord an S\u00e4ngerinnen und S\u00e4ngern gefeiert Stuttgart. Aus ganz Europa wird vom<\/p>\n","protected":false},"author":1,"featured_media":0,"comment_status":"closed","ping_status":"closed","sticky":false,"template":"","format":"standard","meta":{"footnotes":""},"categories":[21],"tags":[],"_links":{"self":[{"href":"https:\/\/krankenhauspfarramt.de\/index.php\/wp-json\/wp\/v2\/posts\/9229"}],"collection":[{"href":"https:\/\/krankenhauspfarramt.de\/index.php\/wp-json\/wp\/v2\/posts"}],"about":[{"href":"https:\/\/krankenhauspfarramt.de\/index.php\/wp-json\/wp\/v2\/types\/post"}],"author":[{"embeddable":true,"href":"https:\/\/krankenhauspfarramt.de\/index.php\/wp-json\/wp\/v2\/users\/1"}],"replies":[{"embeddable":true,"href":"https:\/\/krankenhauspfarramt.de\/index.php\/wp-json\/wp\/v2\/comments?post=9229"}],"version-history":[{"count":0,"href":"https:\/\/krankenhauspfarramt.de\/index.php\/wp-json\/wp\/v2\/posts\/9229\/revisions"}],"wp:attachment":[{"href":"https:\/\/krankenhauspfarramt.de\/index.php\/wp-json\/wp\/v2\/media?parent=9229"}],"wp:term":[{"taxonomy":"category","embeddable":true,"href":"https:\/\/krankenhauspfarramt.de\/index.php\/wp-json\/wp\/v2\/categories?post=9229"},{"taxonomy":"post_tag","embeddable":true,"href":"https:\/\/krankenhauspfarramt.de\/index.php\/wp-json\/wp\/v2\/tags?post=9229"}],"curies":[{"name":"wp","href":"https:\/\/api.w.org\/{rel}","templated":true}]}}