{"id":9230,"date":"2026-04-30T10:20:08","date_gmt":"2026-04-30T10:20:08","guid":{"rendered":"https:\/\/krankenhauspfarramt.de\/index.php\/2026\/04\/30\/fruehere-ekd-praeses-katrin-goering-eckardt-wird-60-ekd\/"},"modified":"2026-04-30T10:20:09","modified_gmt":"2026-04-30T10:20:09","slug":"fruehere-ekd-praeses-katrin-goering-eckardt-wird-60-ekd","status":"publish","type":"post","link":"https:\/\/krankenhauspfarramt.de\/index.php\/2026\/04\/30\/fruehere-ekd-praeses-katrin-goering-eckardt-wird-60-ekd\/","title":{"rendered":"Fr\u00fchere EKD-Pr\u00e4ses Katrin G\u00f6ring-Eckardt wird 60 \u2013 EKD"},"content":{"rendered":"<p> <br \/>\n<\/p>\n<div>\n<p>Die fr\u00fchere Pr\u00e4ses der Synode der Evangelischen Kirche in Deutschland, Katrin G\u00f6ring-Eckardt, wird am 3. Mai 60 Jahre alt. Neben ihren f\u00fchrenden Rollen in der evangelischen Kirche pr\u00e4gte sie \u00fcber Jahrzehnte auch die Bundespolitik \u2013 unter anderem als Bundestagsvizepr\u00e4sidentin, Fraktionsvorsitzende und Spitzenkandidatin der Gr\u00fcnen.<\/p>\n<\/p><\/div>\n<div id=\"\">\n<p>Berlin (epd). Die geb\u00fcrtige Th\u00fcringerin bekleidete \u00fcber mehr als 20 Jahre Spitzen\u00e4mter in der Politik, war unter anderem mehrfach Vorsitzende der Fraktion von B\u00fcndnis 90\/Die Gr\u00fcnen und Bundestagsvizepr\u00e4sidentin. Sie geh\u00f6rt auch in dieser Wahlperiode dem Bundestag an, in den sie erstmals 1998 einzog.<\/p>\n<p>G\u00f6ring-Eckardt, die ab Mitte der 1980er Jahre in Leipzig Theologie studierte, engagierte sich dar\u00fcber hinaus \u00fcber viele Jahre in \u00c4mtern der evangelischen Kirche. 2009 wurde sie zur Pr\u00e4ses der Synode der Evangelischen Kirche in Deutschland (EKD) gew\u00e4hlt, der sie seit 2003 bis heute angeh\u00f6rt. Das Amt lie\u00df sie ruhen, nachdem sie von ihrer Partei zur Spitzenkandidatin f\u00fcr die Bundestagswahl 2013 gew\u00e4hlt wurde. G\u00f6ring-Eckardt war zudem Pr\u00e4sidentin des Deutschen Evangelischen Kirchentags im Jahr 2011 in Dresden.<\/p>\n<\/div>\n<div id=\"\">\n    <!-- Test for teaser --><br \/>\n    <!--Val: 1 --><\/p>\n<p>                    \t    <!-- SRC:  --><\/p>\n<aside class=\"article--aside quintus teaser teaser__related rs_skip rs_preserve\">\n<div class=\"teaser--article teaser--content\">\n<figure class=\"teaser--image\">\n                                                    <picture><source media=\"(max-width:935px)\" srcset=\"https:\/\/www.ekd.de\/ekd_de\/ds_img\/assets_2835_x\/katrin_g%c3%b6ring_eckart_rdax_945x532s.jpg 1x, https:\/\/www.ekd.de\/ekd_de\/ds_img\/assets_2835_x\/katrin_g%c3%b6ring_eckart_rdax_1890x1064s.jpg 2x, https:\/\/www.ekd.de\/ekd_de\/ds_img\/assets_2835_x\/katrin_g%c3%b6ring_eckart.jpg 3x\"><source media=\"(min-width:934px)\" srcset=\"https:\/\/www.ekd.de\/ekd_de\/ds_img\/assets_2835_x\/katrin_g%c3%b6ring_eckart_rdax_945x532s.jpg 1x, https:\/\/www.ekd.de\/ekd_de\/ds_img\/assets_2835_x\/katrin_g%c3%b6ring_eckart_rdax_1890x1064s.jpg 2x, https:\/\/www.ekd.de\/ekd_de\/ds_img\/assets_2835_x\/katrin_g%c3%b6ring_eckart.jpg 3x\"><\/source><\/source><\/picture><figcaption\/>\n                                                <\/figure>\n<p class=\"quintus--text teaser--text\">Im Gespr\u00e4ch blickt die ehemalige EKD-Synodenpr\u00e4ses Katrin G\u00f6ring-Eckardt zur\u00fcck auf ihre Amtszeit. Im R\u00fcckblick sieht die Th\u00fcringerin es als Vorteil, dass sie parallel auch Pr\u00e4sidentin des Deutschen Evangelischen Kirchentags 2011 war.<\/p>\n<\/p><\/div>\n<\/aside>\n<div class=\"article--content\">\n<p>Als Bundestagsabgeordnete geh\u00f6rt sie in dieser Legislaturperiode den Aussch\u00fcssen f\u00fcr Angelegenheiten der Europ\u00e4ischen Union sowie f\u00fcr Kultur und Medien an. G\u00f6ring-Eckardt meldet sich aber auch zu anderen gesellschaftspolitischen Fragen \u00f6ffentlich zu Wort. Sie ist Mutter von zwei S\u00f6hnen und hat mehrere Enkelkinder.<\/p>\n<\/p><\/div>\n<\/div>\n","protected":false},"excerpt":{"rendered":"<p>Die fr\u00fchere Pr\u00e4ses der Synode der Evangelischen Kirche in Deutschland, Katrin G\u00f6ring-Eckardt, wird am 3. Mai 60 Jahre alt. Neben<\/p>\n","protected":false},"author":2,"featured_media":9231,"comment_status":"closed","ping_status":"closed","sticky":false,"template":"","format":"standard","meta":{"footnotes":""},"categories":[20],"tags":[],"_links":{"self":[{"href":"https:\/\/krankenhauspfarramt.de\/index.php\/wp-json\/wp\/v2\/posts\/9230"}],"collection":[{"href":"https:\/\/krankenhauspfarramt.de\/index.php\/wp-json\/wp\/v2\/posts"}],"about":[{"href":"https:\/\/krankenhauspfarramt.de\/index.php\/wp-json\/wp\/v2\/types\/post"}],"author":[{"embeddable":true,"href":"https:\/\/krankenhauspfarramt.de\/index.php\/wp-json\/wp\/v2\/users\/2"}],"replies":[{"embeddable":true,"href":"https:\/\/krankenhauspfarramt.de\/index.php\/wp-json\/wp\/v2\/comments?post=9230"}],"version-history":[{"count":1,"href":"https:\/\/krankenhauspfarramt.de\/index.php\/wp-json\/wp\/v2\/posts\/9230\/revisions"}],"predecessor-version":[{"id":9232,"href":"https:\/\/krankenhauspfarramt.de\/index.php\/wp-json\/wp\/v2\/posts\/9230\/revisions\/9232"}],"wp:featuredmedia":[{"embeddable":true,"href":"https:\/\/krankenhauspfarramt.de\/index.php\/wp-json\/wp\/v2\/media\/9231"}],"wp:attachment":[{"href":"https:\/\/krankenhauspfarramt.de\/index.php\/wp-json\/wp\/v2\/media?parent=9230"}],"wp:term":[{"taxonomy":"category","embeddable":true,"href":"https:\/\/krankenhauspfarramt.de\/index.php\/wp-json\/wp\/v2\/categories?post=9230"},{"taxonomy":"post_tag","embeddable":true,"href":"https:\/\/krankenhauspfarramt.de\/index.php\/wp-json\/wp\/v2\/tags?post=9230"}],"curies":[{"name":"wp","href":"https:\/\/api.w.org\/{rel}","templated":true}]}}