{"id":9233,"date":"2026-04-30T14:26:41","date_gmt":"2026-04-30T14:26:41","guid":{"rendered":"https:\/\/krankenhauspfarramt.de\/index.php\/2026\/04\/30\/ekd-und-bischofskonferenz-wuerdigen-freikirchen-als-wertvolle-partner-ekd\/"},"modified":"2026-04-30T14:26:42","modified_gmt":"2026-04-30T14:26:42","slug":"ekd-und-bischofskonferenz-wuerdigen-freikirchen-als-wertvolle-partner-ekd","status":"publish","type":"post","link":"https:\/\/krankenhauspfarramt.de\/index.php\/2026\/04\/30\/ekd-und-bischofskonferenz-wuerdigen-freikirchen-als-wertvolle-partner-ekd\/","title":{"rendered":"EKD und Bischofskonferenz w\u00fcrdigen Freikirchen als wertvolle Partner \u2013 EKD"},"content":{"rendered":"<p> <br \/>\n<\/p>\n<div>\n<p><em>Berlin (epd). Zum 100-j\u00e4hrigen Bestehen der Vereinigung Evangelischer Freikirchen (VEF) haben die Ratsvorsitzende der Evangelischen Kirche in Deutschland, Kirsten Fehrs, und der Magdeburger Bischof Gerhard Feige die Freikirchen als wichtige Partner f\u00fcr Demokratie, Religionsfreiheit und \u00f6kumenische Zusammenarbeit gew\u00fcrdigt.<\/em><\/p>\n<p>\u201eGerade in Zeiten politischer Spannungen und gesellschaftlicher Verunsicherung ist es ein starkes Zeichen, dass Freikirchen und Landeskirchen gemeinsam aus dem christlichen Glauben heraus f\u00fcr N\u00e4chstenliebe, Menschenw\u00fcrde, Zusammenhalt und Demokratie eintreten\u201c, erkl\u00e4rte die Hamburger Bisch\u00f6fin Fehrs am Mittwoch in Berlin. Der katholische \u00d6kumene-Bischof Gerhard Feige w\u00fcrdigte die VEF als wichtige \u00f6kumenische Wegbereiterin.<\/p>\n<h3>Gottvertrauen<\/h3>\n<p>Fehrs lobte laut EKD eine klare Haltung der Freikirchen gegen politische Vereinnahmung: \u201eWer versucht, einen Keil zwischen unsere Kirchen zu treiben, scheitert an unserer gelebten Geschwisterlichkeit. F\u00fcr diese immer wieder \u00f6ffentlich sichtbare Haltung bin ich den Freikirchen sehr dankbar\u201c, sagte die Bisch\u00f6fin.<\/p>\n<p>Verbindend wirke dabei nicht zuletzt die geistliche Dimension der Freikirchen. Diese weckten Gottvertrauen, \u201eallemal in Zeiten der Verlorenheit, die viele Menschen auch derzeit empfinden.\u201c Zum 100-j\u00e4hrigen Bestehen der Vereinigung Evangelischer Freikirchen fand am Mittwochabend eine Festveranstaltung in der Berliner Lukas-Gemeinde statt.<\/p>\n<h3>Schuldbekenntnis<\/h3>\n<p>Der Vorsitzende der \u00d6kumenekommission der katholischen Deutschen Bischofskonferenz, der Magdeburger Bischof Feige, w\u00fcrdigte die Vereinigung Evangelischer Freikirchen als \u00f6kumenische Pionierin: \u201eIch tue dies im Wissen darum, dass die katholische Kirche im Umgang mit den Freikirchen Schuld auf sich geladen hat und sie erst lernen musste, die Freikirchen als \u00f6kumenische Partner wahrzunehmen und zu respektieren\u201c, sagte Feige laut Manuskript.<\/p>\n<p>Er sei dankbar f\u00fcr die wichtigen Impulse, die die Freikirchen in die Gemeinschaft der Christen einbringen, und habe gro\u00dfe Bewunderung f\u00fcr die Entschiedenheit, mit der freikirchliche Christinnen und Christen ihren Glauben leben.<\/p>\n<p>\u201eUnd es ist gut, dass sie das Bewusstsein daf\u00fcr wachhalten, dass das Verh\u00e4ltnis von Kirche und Staat stets einer kritischen Reflexion bedarf, dass sie daran erinnern, die friedensethischen Impulse des Christentums ernst zu nehmen, und dass sie unbeirrbar f\u00fcr Glaubens- und Gewissensfreiheit eintreten \u2013 auch gegen Widerst\u00e4nde\u201c, f\u00fcgte Feige hinzu. Diese besonderen Gaben seien f\u00fcr die \u00d6kumene eine Bereicherung und w\u00fcrden auch in Zukunft gebraucht.<\/p>\n<\/p><\/div>\n<div id=\"\">\n    <!-- Test for teaser --><br \/>\n    <!--Val: 1 --><\/p>\n<p>                    \t    <!-- SRC:  --><\/p>\n<aside class=\"article--aside quintus teaser teaser__related rs_skip rs_preserve\">\n<div class=\"teaser--article teaser--content\">\n<figure class=\"teaser--image\">\n                                                    <picture><source media=\"(max-width:935px)\" srcset=\"https:\/\/www.ekd.de\/ekd_de\/ds_img\/assets_1875_x\/220514_Pixabay_vrediinka_Frau_Buch_Boot_1875x1056_rdax_625x352_60s.jpg 1x, https:\/\/www.ekd.de\/ekd_de\/ds_img\/assets_1875_x\/220514_Pixabay_vrediinka_Frau_Buch_Boot_1875x1056_rdax_1250x704_60s.jpg 2x, https:\/\/www.ekd.de\/ekd_de\/ds_img\/assets_1875_x\/220514_Pixabay_vrediinka_Frau_Buch_Boot_1875x1056_rdax_60s.jpg 3x\"><source media=\"(min-width:934px)\" srcset=\"https:\/\/www.ekd.de\/ekd_de\/ds_img\/assets_1875_x\/220514_Pixabay_vrediinka_Frau_Buch_Boot_1875x1056_rdax_360x203_70s.jpg 1x, https:\/\/www.ekd.de\/ekd_de\/ds_img\/assets_1875_x\/220514_Pixabay_vrediinka_Frau_Buch_Boot_1875x1056_rdax_720x406_70s.jpg 2x, https:\/\/www.ekd.de\/ekd_de\/ds_img\/assets_1875_x\/220514_Pixabay_vrediinka_Frau_Buch_Boot_1875x1056_rdax_1080x608_70s.jpg 3x\"><\/source><\/source><\/picture><figcaption\/>\n                                                <\/figure>\n<p class=\"quintus--text teaser--text\">\u201e\u00d6kumene\u201c hei\u00dft \u00fcbersetzt \u201edie ganze bewohnte Erde\u201c und meint die Verbundenheit von Christ*innen verschiedener Konfessionen. Diese Verbundenheit wird in Deutschland und weltweit gelebt \u2013 mit vielen inspirierenden Projekten zum Mit- und Nachmachen.<\/p>\n<\/p><\/div>\n<\/aside>\n<div class=\"article--content\">\n<h3>Kanzeltausch<\/h3>\n<p>Die Vereinigung Evangelischer Freikirchen (VEF) wurde 1926 gegr\u00fcndet und vereint heute 15 Mitgliedskirchen mit rund 280.000 Mitgliedern. 2024 hatten EKD und VEF eine gemeinsame Erkl\u00e4rung \u00fcber eine vertiefte Predigtgemeinschaft unterzeichnet, die zum gegenseitigen Kanzeltausch einl\u00e4dt.<\/p>\n<p>Von den gro\u00dfen Kirchen unterscheiden sich die Freikirchen in manchen theologischen Fragen, aber auch in der Organisationsform. Sie betonen die freiwillige Mitgliedschaft und finanzieren sich in der Regel \u00fcber freiwillige Beitr\u00e4ge ihrer Mitglieder.<\/p>\n<\/p><\/div>\n<\/div>\n","protected":false},"excerpt":{"rendered":"<p>Berlin (epd). Zum 100-j\u00e4hrigen Bestehen der Vereinigung Evangelischer Freikirchen (VEF) haben die Ratsvorsitzende der Evangelischen Kirche in Deutschland, Kirsten Fehrs,<\/p>\n","protected":false},"author":2,"featured_media":7991,"comment_status":"closed","ping_status":"closed","sticky":false,"template":"","format":"standard","meta":{"footnotes":""},"categories":[20],"tags":[],"_links":{"self":[{"href":"https:\/\/krankenhauspfarramt.de\/index.php\/wp-json\/wp\/v2\/posts\/9233"}],"collection":[{"href":"https:\/\/krankenhauspfarramt.de\/index.php\/wp-json\/wp\/v2\/posts"}],"about":[{"href":"https:\/\/krankenhauspfarramt.de\/index.php\/wp-json\/wp\/v2\/types\/post"}],"author":[{"embeddable":true,"href":"https:\/\/krankenhauspfarramt.de\/index.php\/wp-json\/wp\/v2\/users\/2"}],"replies":[{"embeddable":true,"href":"https:\/\/krankenhauspfarramt.de\/index.php\/wp-json\/wp\/v2\/comments?post=9233"}],"version-history":[{"count":1,"href":"https:\/\/krankenhauspfarramt.de\/index.php\/wp-json\/wp\/v2\/posts\/9233\/revisions"}],"predecessor-version":[{"id":9234,"href":"https:\/\/krankenhauspfarramt.de\/index.php\/wp-json\/wp\/v2\/posts\/9233\/revisions\/9234"}],"wp:featuredmedia":[{"embeddable":true,"href":"https:\/\/krankenhauspfarramt.de\/index.php\/wp-json\/wp\/v2\/media\/7991"}],"wp:attachment":[{"href":"https:\/\/krankenhauspfarramt.de\/index.php\/wp-json\/wp\/v2\/media?parent=9233"}],"wp:term":[{"taxonomy":"category","embeddable":true,"href":"https:\/\/krankenhauspfarramt.de\/index.php\/wp-json\/wp\/v2\/categories?post=9233"},{"taxonomy":"post_tag","embeddable":true,"href":"https:\/\/krankenhauspfarramt.de\/index.php\/wp-json\/wp\/v2\/tags?post=9233"}],"curies":[{"name":"wp","href":"https:\/\/api.w.org\/{rel}","templated":true}]}}