{"id":9235,"date":"2026-04-30T20:02:33","date_gmt":"2026-04-30T20:02:33","guid":{"rendered":"https:\/\/krankenhauspfarramt.de\/index.php\/2026\/04\/30\/tagungshaus-der-evangelischen-akademie-fuer-land-und-jugend-in-altenkirchen-verkauft-ekd\/"},"modified":"2026-04-30T20:02:34","modified_gmt":"2026-04-30T20:02:34","slug":"tagungshaus-der-evangelischen-akademie-fuer-land-und-jugend-in-altenkirchen-verkauft-ekd","status":"publish","type":"post","link":"https:\/\/krankenhauspfarramt.de\/index.php\/2026\/04\/30\/tagungshaus-der-evangelischen-akademie-fuer-land-und-jugend-in-altenkirchen-verkauft-ekd\/","title":{"rendered":"Tagungshaus der Evangelischen Akademie f\u00fcr Land und Jugend in Altenkirchen verkauft \u2013 EKD"},"content":{"rendered":"<p> <br \/>\n<\/p>\n<div id=\"\">\n<div class=\"article--meta article--meta__border clearfix\">\n<p>                                    <time datetime=\"30.04.2026 11:00\" class=\"article--time\">30.04.2026<\/time><\/p>\n<p>                                     <strong class=\"article--type primus--overline\">Pressemitteilung<\/strong><\/p>\n<picture class=\"article--source-image image\"><source srcset=\"https:\/\/www.ekd.de\/ekd_de\/ds_img\/assets\/20170622_ekd-Quellenlogo_300.jpg\"><!--<source srcset=\"\/ekd_de\/ds_img\/assets\/20170622_ekd-Quellenlogo_300_rdax_141x39s.jpg 1x, \/ekd_de\/ds_img\/assets\/20170622_ekd-Quellenlogo_300_rdax_282x78s.jpg 2x, https:\/\/www.ekd.de\/ekd_de\/ds_img\/assets\/20170622_ekd-Quellenlogo_300.jpg 3x\">--><\/p>\n<p>    <\/source><\/picture>\n<\/p><\/div><\/div>\n<div id=\"\">\n<ul>\n<li>Landesforsten Rheinland-Pfalz \u00fcbernimmt Tagungshaus<\/li>\n<li>Kirche f\u00fchrt jugendpolitische Arbeit im l\u00e4ndlichen Raum weiter<\/li>\n<\/ul>\n<p>Das Tagungshaus der Evangelischen Akademie f\u00fcr Land und Jugend e.\u00a0V. in Altenkirchen ist an Landesforsten Rheinland-Pfalz verkauft worden. Damit bleibt der traditionsreiche Standort auch k\u00fcnftig f\u00fcr Weiterbildungsarbeit nutzbar.<\/p>\n<p>Die Evangelische Akademie f\u00fcr Land und Jugend hatte dort fast 70 Jahre lang junge Menschen aus dem l\u00e4ndlichen Raum begleitet und qualifiziert. Unterst\u00fctzt wurde die Arbeit von der Evangelischen Kirche in Deutschland (EKD), der Evangelischen Kirche im Rheinland (EKiR) und der Arbeitsgemeinschaft der Evangelischen Jugend in Deutschland e.\u00a0V. (aej). Aufgrund eines ver\u00e4nderten Nutzungsverhaltens hatte der Tr\u00e4gerverein im November 2025 seine Aufl\u00f6sung beschlossen.<\/p>\n<p>Die EKD wird die jugendpolitische Arbeit im l\u00e4ndlichen Raum weiterf\u00fchren. Hierzu wird die Evangelische Akademie zu Berlin in Kooperation mit anderen Akademien dem Rat der EKD ein Konzept vorlegen.<\/p>\n<p>\u201eMit dem Verkauf ist eine gute Perspektive f\u00fcr das Haus in Altenkirchen gefunden worden. Zugleich bleibt die Arbeit mit jungen Menschen im l\u00e4ndlichen Raum ein wichtiges Anliegen der EKD\u201c, erkl\u00e4rte Birgit Sendler-Koschel, Leiterin der Bildungsabteilung der EKD.<\/p>\n<p>Pressestelle der EKD<br \/>Lisa Schaube<\/p>\n<\/div>\n","protected":false},"excerpt":{"rendered":"<p>30.04.2026 Pressemitteilung Landesforsten Rheinland-Pfalz \u00fcbernimmt Tagungshaus Kirche f\u00fchrt jugendpolitische Arbeit im l\u00e4ndlichen Raum weiter Das Tagungshaus der Evangelischen Akademie f\u00fcr<\/p>\n","protected":false},"author":2,"featured_media":9236,"comment_status":"closed","ping_status":"closed","sticky":false,"template":"","format":"standard","meta":{"footnotes":""},"categories":[20],"tags":[],"_links":{"self":[{"href":"https:\/\/krankenhauspfarramt.de\/index.php\/wp-json\/wp\/v2\/posts\/9235"}],"collection":[{"href":"https:\/\/krankenhauspfarramt.de\/index.php\/wp-json\/wp\/v2\/posts"}],"about":[{"href":"https:\/\/krankenhauspfarramt.de\/index.php\/wp-json\/wp\/v2\/types\/post"}],"author":[{"embeddable":true,"href":"https:\/\/krankenhauspfarramt.de\/index.php\/wp-json\/wp\/v2\/users\/2"}],"replies":[{"embeddable":true,"href":"https:\/\/krankenhauspfarramt.de\/index.php\/wp-json\/wp\/v2\/comments?post=9235"}],"version-history":[{"count":1,"href":"https:\/\/krankenhauspfarramt.de\/index.php\/wp-json\/wp\/v2\/posts\/9235\/revisions"}],"predecessor-version":[{"id":9237,"href":"https:\/\/krankenhauspfarramt.de\/index.php\/wp-json\/wp\/v2\/posts\/9235\/revisions\/9237"}],"wp:featuredmedia":[{"embeddable":true,"href":"https:\/\/krankenhauspfarramt.de\/index.php\/wp-json\/wp\/v2\/media\/9236"}],"wp:attachment":[{"href":"https:\/\/krankenhauspfarramt.de\/index.php\/wp-json\/wp\/v2\/media?parent=9235"}],"wp:term":[{"taxonomy":"category","embeddable":true,"href":"https:\/\/krankenhauspfarramt.de\/index.php\/wp-json\/wp\/v2\/categories?post=9235"},{"taxonomy":"post_tag","embeddable":true,"href":"https:\/\/krankenhauspfarramt.de\/index.php\/wp-json\/wp\/v2\/tags?post=9235"}],"curies":[{"name":"wp","href":"https:\/\/api.w.org\/{rel}","templated":true}]}}