{"id":9238,"date":"2026-05-01T00:03:33","date_gmt":"2026-05-01T00:03:33","guid":{"rendered":"https:\/\/krankenhauspfarramt.de\/index.php\/2026\/05\/01\/daniel-stickan-gewinnt-mit-einer-neuvertonung-von-du-meine-seele-singe-den-paul-gerhardt-preis-ekd\/"},"modified":"2026-05-01T00:03:34","modified_gmt":"2026-05-01T00:03:34","slug":"daniel-stickan-gewinnt-mit-einer-neuvertonung-von-du-meine-seele-singe-den-paul-gerhardt-preis-ekd","status":"publish","type":"post","link":"https:\/\/krankenhauspfarramt.de\/index.php\/2026\/05\/01\/daniel-stickan-gewinnt-mit-einer-neuvertonung-von-du-meine-seele-singe-den-paul-gerhardt-preis-ekd\/","title":{"rendered":"Daniel Stickan gewinnt mit einer Neuvertonung von \u201eDu, meine Seele, singe\u201c den Paul-Gerhardt-Preis \u2013 EKD"},"content":{"rendered":"<p> <br \/>\n<\/p>\n<div id=\"\">\n<div class=\"article--meta article--meta__border clearfix\">\n<p>                                    <time datetime=\"30.04.2026 10:00\" class=\"article--time\">30.04.2026<\/time><\/p>\n<p>                                     <strong class=\"article--type primus--overline\">Pressemitteilung<\/strong><\/p>\n<picture class=\"article--source-image image\"><source srcset=\"https:\/\/www.ekd.de\/ekd_de\/ds_img\/assets\/velkd.jpg\"><!--<source srcset=\"\/ekd_de\/ds_img\/assets\/velkd_rdax_141x141s.jpg 1x, \/ekd_de\/ds_img\/assets\/velkd_rdax_282x282s.jpg 2x, https:\/\/www.ekd.de\/ekd_de\/ds_img\/assets\/velkd.jpg 3x\">--><\/p>\n<p>    <\/source><\/picture>\n<\/p><\/div>\n<h2 class=\"article--sub-headline primus--sub-headline\">Die Preisverleihung mit Margot K\u00e4\u00dfmann findet am 27. Mai 2026, dem 350. Todestag des Dichters, in der Berliner Nikolaikirche statt.<\/h2>\n<\/p><\/div>\n<div id=\"\">\n<p>Der L\u00fcneburger Musiker und Komponist Daniel Stickan ist Gewinner des Paul-Gerhardt-Preises 2026. Seine Neuvertonung des Paul-Gerhardt-Liedes \u201eDu, meine Seele, singe\u201c \u00fcberzeugte die f\u00fcnfk\u00f6pfige Jury. \u201eDem Komponisten ist hier eine einfache und dabei sehr interessante Melodie gelungen, die mit passendem Wort-Ton-Verh\u00e4ltnis gut singbar ist, verbunden mit einer spannenden, an Jazz angelehnten Harmonisierung und Rhythmik\u201c, begr\u00fcndet der Vorsitzende der Jury, Konrad Klek, die Entscheidung. Der Preis ist mit einem Preisgeld in H\u00f6he von 3000 Euro dotiert.<\/p>\n<p>Der zweite Preis geht an den K\u00f6lner Gymnasiallehrer und Songwriter Steffen Langkamp, der dem Lied \u201eNun ist der Regen hin\u201c eine neue Melodie gab.<\/p>\n<p>Der dritte Preis wurde von der Jury geteilt: Peter Bubmann, Professor f\u00fcr Praktische Theologie an der Friedrich-Alexander-Universit\u00e4t (FAU) Erlangen-N\u00fcrnberg, schrieb eine durch die Arie \u201eEr weidet seine Herde\u201c aus Georg Friedrich H\u00e4ndels \u201eMessias\u201c inspirierte Melodie zu \u201eBefiehl du deine Wege\u201c. Micha Keding, Popkantor im Kirchenkreis Verden, schuf einen Gospelsong zu \u201eNun danket all und bringet Ehr\u201c.<\/p>\n<p>Ein undotierter Kreativ-Sonderpreis der Jury geht an die Diepholzer Popkantorin Sonja Lenzer, die zu \u201eDu, meine Seele, singe\u201c einen Popsong mit Bandarrangement schuf.<\/p>\n<p>Die Preisverleihung findet am 350.\u00a0Todestag von Paul Gerhardt, dem 27.\u00a0Mai\u00a02026, um 18\u00a0Uhr in der Berliner Nikolaikirche statt, also dem Ort, an dem der Namensgeber des Preises lange wirkte. Der Eintritt ist frei. Gestaltet wird die Veranstaltung nach derzeitigem Planungsstand unter anderem von der Schirmherrin des Paul-Gerhardt-Preises, Margot K\u00e4\u00dfmann, der stellvertretenden Leitenden Bisch\u00f6fin der VELKD, Landesbisch\u00f6fin Kristina K\u00fchnbaum-Schmidt, und dem Berliner Staats- und Domchor unter der Leitung von Kai-Uwe Jirka. Alle ausgezeichneten Werke werden dabei zur Auff\u00fchrung kommen.<\/p>\n<p><strong>Bereits am 10. Mai 2026 werden einige der ausgezeichneten Lieder im Rahmen des ZDF-Fernsehgottesdienstes aus N\u00fcrnberg zu h\u00f6ren sein.<\/strong><\/p>\n<p>Anl\u00e4sslich des 350.\u00a0Todestages des lutherischen Theologen und Liederdichters Paul Gerhardt hatte die VELKD gemeinsam mit der Paul-Gerhardt-Gesellschaft sowie den Magazinen zeitzeichen und chrismon zu einem Kompositionswettbewerb aufgerufen. Gesucht wurden neue Melodien zu den 140\u00a0Gedichten von Paul Gerhardt. Ann\u00e4hernd 500\u00a0Einsendungen wurden anonymisiert von der Jury in mehreren Bewertungsrunden durchgesehen und auf verschiedene Kriterien hin gepr\u00fcft. Unter anderem ber\u00fccksichtigte die Jury Singbarkeit, Auff\u00fchrbarkeit, Kreativit\u00e4t und das Verh\u00e4ltnis von Wort und Ton.<\/p>\n<p>Neben den Preistr\u00e4gern und der Preistr\u00e4gerin hat die Jury weitere Neukompositionen als beachtenswert eingestuft, die gemeinsam mit den Liedern der Preistr\u00e4ger*innen in einer digitalen Publikation erscheinen, die unter www.velkd.de\/paul-gerhardt-preis kostenfrei erh\u00e4ltlich ist.<\/p>\n<p>Hannover, 29. April 2026<br \/>Pressestelle der VELKD<br \/>Frank Hofmann<br \/>Pressesprecher<\/p>\n<\/div>\n","protected":false},"excerpt":{"rendered":"<p>30.04.2026 Pressemitteilung Die Preisverleihung mit Margot K\u00e4\u00dfmann findet am 27. Mai 2026, dem 350. Todestag des Dichters, in der Berliner<\/p>\n","protected":false},"author":2,"featured_media":7504,"comment_status":"closed","ping_status":"closed","sticky":false,"template":"","format":"standard","meta":{"footnotes":""},"categories":[20],"tags":[],"_links":{"self":[{"href":"https:\/\/krankenhauspfarramt.de\/index.php\/wp-json\/wp\/v2\/posts\/9238"}],"collection":[{"href":"https:\/\/krankenhauspfarramt.de\/index.php\/wp-json\/wp\/v2\/posts"}],"about":[{"href":"https:\/\/krankenhauspfarramt.de\/index.php\/wp-json\/wp\/v2\/types\/post"}],"author":[{"embeddable":true,"href":"https:\/\/krankenhauspfarramt.de\/index.php\/wp-json\/wp\/v2\/users\/2"}],"replies":[{"embeddable":true,"href":"https:\/\/krankenhauspfarramt.de\/index.php\/wp-json\/wp\/v2\/comments?post=9238"}],"version-history":[{"count":1,"href":"https:\/\/krankenhauspfarramt.de\/index.php\/wp-json\/wp\/v2\/posts\/9238\/revisions"}],"predecessor-version":[{"id":9239,"href":"https:\/\/krankenhauspfarramt.de\/index.php\/wp-json\/wp\/v2\/posts\/9238\/revisions\/9239"}],"wp:featuredmedia":[{"embeddable":true,"href":"https:\/\/krankenhauspfarramt.de\/index.php\/wp-json\/wp\/v2\/media\/7504"}],"wp:attachment":[{"href":"https:\/\/krankenhauspfarramt.de\/index.php\/wp-json\/wp\/v2\/media?parent=9238"}],"wp:term":[{"taxonomy":"category","embeddable":true,"href":"https:\/\/krankenhauspfarramt.de\/index.php\/wp-json\/wp\/v2\/categories?post=9238"},{"taxonomy":"post_tag","embeddable":true,"href":"https:\/\/krankenhauspfarramt.de\/index.php\/wp-json\/wp\/v2\/tags?post=9238"}],"curies":[{"name":"wp","href":"https:\/\/api.w.org\/{rel}","templated":true}]}}