{"id":950,"date":"2020-04-08T13:15:03","date_gmt":"2020-04-08T13:15:03","guid":{"rendered":"https:\/\/krankenhauspfarramt.de\/index.php\/2020\/04\/08\/landesbischof-bilz-rechnet-nach-corona-krise-mit-neuer-lebensqualitaet-ekd\/"},"modified":"2020-04-08T13:15:05","modified_gmt":"2020-04-08T13:15:05","slug":"landesbischof-bilz-rechnet-nach-corona-krise-mit-neuer-lebensqualitaet-ekd","status":"publish","type":"post","link":"https:\/\/krankenhauspfarramt.de\/index.php\/2020\/04\/08\/landesbischof-bilz-rechnet-nach-corona-krise-mit-neuer-lebensqualitaet-ekd\/","title":{"rendered":"Landesbischof Bilz rechnet nach Corona-Krise mit neuer Lebensqualit\u00e4t \u2013 EKD"},"content":{"rendered":"<p> <br \/>\n<\/p>\n<div>\n<p>Die aktuelle Situation habe auch eine \u201eerstaunliche Parallele\u201c zum Ostergeschehen, wie es in der Bibel beschrieben wird: Aus der Krise heraus beginne etwas Neues, eine neue Qualit\u00e4t von Leben. So sei es nach dem Tod Jesu gewesen und so k\u00f6nne \u201eauch aus unserer Krise neues Leben und eine neue Lebensqualit\u00e4t entstehen\u201c, sagte der s\u00e4chsische Landesbischof. Daf\u00fcr brauche es Geduld und daher sei es \u201eganz gut, zu Ostern ein wenig verhalten zu sein und sich selbst etwas zur\u00fcckzunehmen\u201c.<\/p>\n<h3>Offene Kirchen<\/h3>\n<p>Die derzeitige Einschr\u00e4nkung der Religionsfreiheit sei \u201eeine Mischung aus Schmerz und Einsicht\u201c. \u201eDie Krise ist ein tiefer Einschnitt in unsere Gewohnheiten\u201c, sagte Bilz: \u201eEinen Gottesdienst zu besuchen, das geh\u00f6rt zum Glaubensleben vieler einfach dazu.\u201c Doch die aktuellen Ma\u00dfnahmen zur Eind\u00e4mmung der Infektionen h\u00e4tten jetzt Vorrang. Sorgen, dass die Corona-Krise der Kirche l\u00e4ngerfristig schaden k\u00f6nnte, habe er nicht.<\/p>\n<p>Er rechne damit, dass nach dem 20. April neue Richtlinien zur Eind\u00e4mmung der Corona-Krise kommen. \u201eIch w\u00fcnsche mir sehr und bin auch guter Hoffnung, dass dann unter bestimmten Bedingungen allm\u00e4hlich die Zusammenk\u00fcnfte wieder m\u00f6glich werden\u201c, sagte der Landesbischof. F\u00fcr den Besuch Einzelner blieben die meisten Kirchen auch in der Krise offen.<\/p>\n<p style=\"text-align:right\">Katharina R\u00f6gner (epd)<\/p>\n<hr\/>\n<p><em>Landesbischof Tobias Bilz predigt im Livestream-Gottesdienst aus der Dresdner Diakonissenhauskirche am Gr\u00fcndonnerstag, 9. April, 17 Uhr, und am Ostersonntag, 12. April, 10 Uhr, aus der Nikolaikirche Leipzig. Am Karfreitag wird in der ARD ein Fernsehgottesdienst aus der Unterkirche der Frauenkirche in Dresden ausgestrahlt, an dem der s\u00e4chsische Landesbischof mitwirken wird.<\/em><\/p>\n<\/p><\/div>\n","protected":false},"excerpt":{"rendered":"<p>Die aktuelle Situation habe auch eine \u201eerstaunliche Parallele\u201c zum Ostergeschehen, wie es in der Bibel beschrieben wird: Aus der Krise<\/p>\n","protected":false},"author":1,"featured_media":951,"comment_status":"closed","ping_status":"closed","sticky":false,"template":"","format":"standard","meta":{"footnotes":""},"categories":[20],"tags":[],"_links":{"self":[{"href":"https:\/\/krankenhauspfarramt.de\/index.php\/wp-json\/wp\/v2\/posts\/950"}],"collection":[{"href":"https:\/\/krankenhauspfarramt.de\/index.php\/wp-json\/wp\/v2\/posts"}],"about":[{"href":"https:\/\/krankenhauspfarramt.de\/index.php\/wp-json\/wp\/v2\/types\/post"}],"author":[{"embeddable":true,"href":"https:\/\/krankenhauspfarramt.de\/index.php\/wp-json\/wp\/v2\/users\/1"}],"replies":[{"embeddable":true,"href":"https:\/\/krankenhauspfarramt.de\/index.php\/wp-json\/wp\/v2\/comments?post=950"}],"version-history":[{"count":1,"href":"https:\/\/krankenhauspfarramt.de\/index.php\/wp-json\/wp\/v2\/posts\/950\/revisions"}],"predecessor-version":[{"id":952,"href":"https:\/\/krankenhauspfarramt.de\/index.php\/wp-json\/wp\/v2\/posts\/950\/revisions\/952"}],"wp:featuredmedia":[{"embeddable":true,"href":"https:\/\/krankenhauspfarramt.de\/index.php\/wp-json\/wp\/v2\/media\/951"}],"wp:attachment":[{"href":"https:\/\/krankenhauspfarramt.de\/index.php\/wp-json\/wp\/v2\/media?parent=950"}],"wp:term":[{"taxonomy":"category","embeddable":true,"href":"https:\/\/krankenhauspfarramt.de\/index.php\/wp-json\/wp\/v2\/categories?post=950"},{"taxonomy":"post_tag","embeddable":true,"href":"https:\/\/krankenhauspfarramt.de\/index.php\/wp-json\/wp\/v2\/tags?post=950"}],"curies":[{"name":"wp","href":"https:\/\/api.w.org\/{rel}","templated":true}]}}