{"id":953,"date":"2020-04-08T15:32:33","date_gmt":"2020-04-08T15:32:33","guid":{"rendered":"https:\/\/krankenhauspfarramt.de\/index.php\/2020\/04\/08\/oma-tag-in-zeiten-von-corona-ekd\/"},"modified":"2020-04-08T15:32:34","modified_gmt":"2020-04-08T15:32:34","slug":"oma-tag-in-zeiten-von-corona-ekd","status":"publish","type":"post","link":"https:\/\/krankenhauspfarramt.de\/index.php\/2020\/04\/08\/oma-tag-in-zeiten-von-corona-ekd\/","title":{"rendered":"Oma-Tag in Zeiten von Corona \u2013 EKD"},"content":{"rendered":"<p> <br \/>\n<\/p>\n<div>\n<p>Was soll ich denn jetzt machen? Eigentlich ist mittwochs Enkel-Oma-Tag. Darauf freue ich mich immer schon den ganzen Tag vorher. Und hinterher denke ich noch so gern daran. An den Spa\u00df, den wir zusammen haben. Doch jetzt? Treffen geht nicht mehr. Dabei k\u00f6nnte ich gerade jetzt helfen, Kitas und Schulen sind zu. Ich w\u00fcrde so gerne helfen. Aber eben das soll ich nun nicht mehr.<\/p>\n<\/p><\/div>\n<div id=\"\">\n<p>Ich geh\u00f6re zu einer Risikogruppe. Ich bin \u00fcber 65 Jahre alt. Und ich dachte immer: ich bin v\u00f6llig harmlos. Ich verstehe schon. Es geht darum, dass ich keinem Risiko ausgesetzt werde. Trotzdem: sie fehlen mir, meine Lieben. Vereinzelung aus Solidarit\u00e4t. Eine wirklich neue Form von Gemeinschaft. Das muss man erstmal mal hinkriegen. Wie schaffen wir das?! Immerhin tr\u00f6stet mich, dass andere es jetzt auch so machen. Und das ist richtig so. Gut, wenn die Vernunft sich durchsetzt. Auch wenn das Herz es gerne anders h\u00e4tte.<\/p>\n<p>Meine Enkelin telefoniert jetzt jeden Tag mit mir. Gestern hat sie nur einmal kurz gesagt: Hallo, Oma, ich denk an dich. K\u00fcsschen. Und dann wieder aufgelegt. Und mein Sohn hat mir eine richtige Postkarte geschrieben. Mit der Hand. Ich wei\u00df gar nicht, wann ich das letzte Mal eine bekommen habe. So sch\u00f6n.\u00a0<\/p>\n<p>Ich habe sie auf meinen Nachttisch gestellt. Abends nehme ich sie in die Hand. Und dann denke ich an meine Lieben. So sind sie mir trotzdem nah.\u00a0<\/p>\n<p>Manchmal kommt mir dann die Liedstrophe in den Sinn:\u00a0<br \/><em>Von guten M\u00e4chten wunderbar geborgen, erwarten wir getrost, was kommen mag. Gott ist bei uns am Abend und am Morgen und ganz gewiss an jedem neuen Tag.<\/em><\/p>\n<p>In diesen Momenten glaube ich das. Und ich vertraue darauf.<\/p>\n<p>\u00a0<\/p>\n<p style=\"text-align:right\">Claudia Kusch<br \/>\u00a0<\/p>\n<\/div>\n<div id=\"\">\n<div class=\"article--downloads download\">\n<p><h3 class=\"primus--sub-headline\">Hier finden Sie den Text als Download:<\/h3>\n<\/p><\/div>\n<\/div>\n","protected":false},"excerpt":{"rendered":"<p>Was soll ich denn jetzt machen? Eigentlich ist mittwochs Enkel-Oma-Tag. Darauf freue ich mich immer schon den ganzen Tag vorher.<\/p>\n","protected":false},"author":1,"featured_media":954,"comment_status":"closed","ping_status":"closed","sticky":false,"template":"","format":"standard","meta":{"footnotes":""},"categories":[20],"tags":[],"_links":{"self":[{"href":"https:\/\/krankenhauspfarramt.de\/index.php\/wp-json\/wp\/v2\/posts\/953"}],"collection":[{"href":"https:\/\/krankenhauspfarramt.de\/index.php\/wp-json\/wp\/v2\/posts"}],"about":[{"href":"https:\/\/krankenhauspfarramt.de\/index.php\/wp-json\/wp\/v2\/types\/post"}],"author":[{"embeddable":true,"href":"https:\/\/krankenhauspfarramt.de\/index.php\/wp-json\/wp\/v2\/users\/1"}],"replies":[{"embeddable":true,"href":"https:\/\/krankenhauspfarramt.de\/index.php\/wp-json\/wp\/v2\/comments?post=953"}],"version-history":[{"count":1,"href":"https:\/\/krankenhauspfarramt.de\/index.php\/wp-json\/wp\/v2\/posts\/953\/revisions"}],"predecessor-version":[{"id":955,"href":"https:\/\/krankenhauspfarramt.de\/index.php\/wp-json\/wp\/v2\/posts\/953\/revisions\/955"}],"wp:featuredmedia":[{"embeddable":true,"href":"https:\/\/krankenhauspfarramt.de\/index.php\/wp-json\/wp\/v2\/media\/954"}],"wp:attachment":[{"href":"https:\/\/krankenhauspfarramt.de\/index.php\/wp-json\/wp\/v2\/media?parent=953"}],"wp:term":[{"taxonomy":"category","embeddable":true,"href":"https:\/\/krankenhauspfarramt.de\/index.php\/wp-json\/wp\/v2\/categories?post=953"},{"taxonomy":"post_tag","embeddable":true,"href":"https:\/\/krankenhauspfarramt.de\/index.php\/wp-json\/wp\/v2\/tags?post=953"}],"curies":[{"name":"wp","href":"https:\/\/api.w.org\/{rel}","templated":true}]}}