{"id":9578,"date":"2026-09-01T12:11:42","date_gmt":"2026-09-01T12:11:42","guid":{"rendered":"https:\/\/krankenhauspfarramt.de\/index.php\/2026\/09\/01\/kirche-schickt-hunderte-schaumherzen-fuer-auszubildende-in-den-himmel-ekd\/"},"modified":"2026-09-01T12:11:43","modified_gmt":"2026-09-01T12:11:43","slug":"kirche-schickt-hunderte-schaumherzen-fuer-auszubildende-in-den-himmel-ekd","status":"publish","type":"post","link":"https:\/\/krankenhauspfarramt.de\/index.php\/2026\/09\/01\/kirche-schickt-hunderte-schaumherzen-fuer-auszubildende-in-den-himmel-ekd\/","title":{"rendered":"Kirche schickt Hunderte Schaumherzen f\u00fcr Auszubildende in den Himmel \u2013 EKD"},"content":{"rendered":"<p> <br \/>\n<\/p>\n<div id=\"\">\n        <!-- RSPEAK_START --><\/p>\n<header class=\"large-10 columns article--header\">\n<div class=\"article--meta article--meta__border clearfix\">\n<p>                                    <time datetime=\"01.09.2026 12:00\" class=\"article--time\">01.09.2026<\/time><\/p>\n<p>                                    <strong class=\"article--type primus--overline\">News<\/strong><\/p>\n<picture class=\"article--source-image image\"><source srcset=\"https:\/\/www.ekd.de\/ekd_de\/ds_img\/assets\/20170329_epd-Quellenlogo_141.png\"><!--<source srcset=\"https:\/\/www.ekd.de\/ekd_de\/ds_img\/assets\/20170329_epd-Quellenlogo_141.png 1x, https:\/\/www.ekd.de\/ekd_de\/ds_img\/assets\/20170329_epd-Quellenlogo_141.png 2x, https:\/\/www.ekd.de\/ekd_de\/ds_img\/assets\/20170329_epd-Quellenlogo_141.png 3x\">--><\/p>\n<p>    <\/source><\/picture>\n<\/p><\/div>\n<\/header>\n<div class=\"large-8 columns large-offset-1 \">\n<p>Frankfurt a.M. (epd). Die Evangelische Kirche in Deutschland (EKD) hat am Dienstag Hunderte Schaumherzen vom R\u00f6merberg in Frankfurt am Main in den Himmel steigen lassen. Mit der Aktion \u201eHerzen hoch f\u00fcr dich!\u201c wolle die Kirche junge Menschen am Anfang ihres Berufslebens begleiten, sagte die Kirchenpr\u00e4sidentin der Evangelischen Kirche der Pfalz, Dorothee W\u00fcst. Ein Start sei mit W\u00fcnschen und Hoffnungen sowie auch mit Unsicherheit und \u00c4ngsten verbunden. Mit der Aktion wolle die Kirche \u201edie jungen Menschen mit diesen Gef\u00fchlen auffangen\u201c.<\/p>\n<p>Auf ihrem WhatsApp-Kanal hatte die Kirche f\u00fcr diese Aktion geworben. W\u00fcst sagte, mit der Resonanz sei sie sehr zufrieden. Es sei gelungen, junge Menschen in deren Lebenswelt und in ihren Gef\u00fchlslagen zu erreichen: \u201eWir sind da, wo die jungen Leute sind.\u201c<\/p>\n<h3><strong style=\"font-weight:bold\">Videobeweis f\u00fcr Teilnehmer<\/strong><\/h3>\n<p>Die in den Himmel entlassenen Schaumherzen wurden begleitet von den pers\u00f6nlichen W\u00fcnschen, die Berufsanf\u00e4nger oder ganze Berufsschulklassen auf Social Media ge\u00e4u\u00dfert hatten, und von Segensworten der Kirchenpr\u00e4sidentin, der Pr\u00e4ses der EKD-Synode, Anna-Nicole Heinrich, sowie von Pfarrerinnen und Pfarrern der beteiligten Landeskirchen. Die kurzen individuellen Ansprachen wurden gefilmt, die entsprechenden Videos bekommen die jungen Menschen zugeschickt.<\/p>\n<p>Zum Beginn des neuen Lebensabschnitts w\u00fcnschten sich viele \u201enette Kollegen oder dass sie die Ausbildung durchhalten\u201c, sagte Pfarrerin Anja Harzke von der hessen-nassauischen Kirche. Bei den W\u00fcnschen werde der Respekt deutlich, den die Auszubildenden der Situation entgegenbr\u00e4chten.<\/p>\n<p>Entstanden ist \u201eHerzen hoch f\u00fcr dich\u201c nach einer Aktion der Evangelischen Kirche der Pfalz und des katholischen Bistums Speyer im Fr\u00fchjahr. \u201eWir haben am Morgen der Abschlusspr\u00fcfungen f\u00fcr Abiturienten eine Kerze angez\u00fcndet\u201c, sagte Felix Kirschbacher, Leiter der \u00d6ffentlichkeitsarbeit der Pf\u00e4lzer Landeskirche. Auch dazu gab es einen Videobeweis. 2027 werde man die Aktion voraussichtlich auf alle Schulformen ausweiten.<\/p>\n<\/p><\/div>\n<p>        <!-- RSPEAK_STOP --><\/p>\n<footer class=\"article--footer\">\n<\/footer><\/div>\n","protected":false},"excerpt":{"rendered":"<p>01.09.2026 News Frankfurt a.M. (epd). Die Evangelische Kirche in Deutschland (EKD) hat am Dienstag Hunderte Schaumherzen vom R\u00f6merberg in Frankfurt<\/p>\n","protected":false},"author":2,"featured_media":9579,"comment_status":"closed","ping_status":"closed","sticky":false,"template":"","format":"standard","meta":{"footnotes":""},"categories":[20],"tags":[],"_links":{"self":[{"href":"https:\/\/krankenhauspfarramt.de\/index.php\/wp-json\/wp\/v2\/posts\/9578"}],"collection":[{"href":"https:\/\/krankenhauspfarramt.de\/index.php\/wp-json\/wp\/v2\/posts"}],"about":[{"href":"https:\/\/krankenhauspfarramt.de\/index.php\/wp-json\/wp\/v2\/types\/post"}],"author":[{"embeddable":true,"href":"https:\/\/krankenhauspfarramt.de\/index.php\/wp-json\/wp\/v2\/users\/2"}],"replies":[{"embeddable":true,"href":"https:\/\/krankenhauspfarramt.de\/index.php\/wp-json\/wp\/v2\/comments?post=9578"}],"version-history":[{"count":1,"href":"https:\/\/krankenhauspfarramt.de\/index.php\/wp-json\/wp\/v2\/posts\/9578\/revisions"}],"predecessor-version":[{"id":9580,"href":"https:\/\/krankenhauspfarramt.de\/index.php\/wp-json\/wp\/v2\/posts\/9578\/revisions\/9580"}],"wp:featuredmedia":[{"embeddable":true,"href":"https:\/\/krankenhauspfarramt.de\/index.php\/wp-json\/wp\/v2\/media\/9579"}],"wp:attachment":[{"href":"https:\/\/krankenhauspfarramt.de\/index.php\/wp-json\/wp\/v2\/media?parent=9578"}],"wp:term":[{"taxonomy":"category","embeddable":true,"href":"https:\/\/krankenhauspfarramt.de\/index.php\/wp-json\/wp\/v2\/categories?post=9578"},{"taxonomy":"post_tag","embeddable":true,"href":"https:\/\/krankenhauspfarramt.de\/index.php\/wp-json\/wp\/v2\/tags?post=9578"}],"curies":[{"name":"wp","href":"https:\/\/api.w.org\/{rel}","templated":true}]}}